[{"@context":"https:\/\/schema.org\/","@type":"Article","@id":"https:\/\/www.cascada.sk\/zeny-a-krasa\/#Article","mainEntityOfPage":"https:\/\/www.cascada.sk\/zeny-a-krasa\/","headline":"\u017deny a kr\u00e1sa","name":"\u017deny a kr\u00e1sa","description":"Z\u00a0ka\u017edej strany vid\u00edme a\u00a0po\u010d\u00favame o\u00a0\u017eenskej kr\u00e1se a\u00a0r\u00f4znych \u00faprav\u00e1ch. \u017deny a\u00a0kr\u00e1sa to jednoducho patr\u00ed k\u00a0sebe. U\u017e od minulosti boli \u017eeny pova\u017eovan\u00e9 za jemn\u00e9 a\u00a0ne\u017en\u00e9 stvorenia, ktor\u00e9 opl\u00fdvali svojou o\u010daruj\u00facou kr\u00e1sou. Niekedy a\u017e pr\u00edli\u0161 rie\u0161ime svoj vzh\u013ead aj ke\u010f nem\u00e1me v\u00a0podstate d\u00f4vod. Asi ka\u017edej z\u00a0n\u00e1s sa na sebe nie\u010do nep\u00e1\u010di a\u00a0chcela by to zmeni\u0165. Pozer\u00e1me si r\u00f4zne [&hellip;]","datePublished":"2019-11-12","dateModified":"2023-04-28","author":{"@type":"Person","@id":"https:\/\/www.cascada.sk\/author\/#Person","name":"","url":"https:\/\/www.cascada.sk\/author\/","identifier":1,"image":{"@type":"ImageObject","@id":"https:\/\/secure.gravatar.com\/avatar\/1ea551d08e5aaea35ec0edab8371d7eaf798177f38aa8a77e65ff33bf2d8edc8?s=96&d=mm&r=g","url":"https:\/\/secure.gravatar.com\/avatar\/1ea551d08e5aaea35ec0edab8371d7eaf798177f38aa8a77e65ff33bf2d8edc8?s=96&d=mm&r=g","height":96,"width":96}},"publisher":{"@type":"Organization","name":"cascada.sk","logo":{"@type":"ImageObject","@id":"\/logo.png","url":"\/logo.png","width":600,"height":60}},"image":{"@type":"ImageObject","@id":"https:\/\/www.cascada.sk\/wp-content\/uploads\/img_a300831_w16794_t1558278006.jpg","url":"https:\/\/www.cascada.sk\/wp-content\/uploads\/img_a300831_w16794_t1558278006.jpg","height":0,"width":0},"url":"https:\/\/www.cascada.sk\/zeny-a-krasa\/","about":["\u017deny"],"wordCount":400,"articleBody":"Z\u00a0ka\u017edej strany vid\u00edme a\u00a0po\u010d\u00favame o\u00a0\u017eenskej kr\u00e1se a\u00a0r\u00f4znych \u00faprav\u00e1ch. \u017deny a\u00a0kr\u00e1sa to jednoducho patr\u00ed k\u00a0sebe. U\u017e od minulosti boli \u017eeny pova\u017eovan\u00e9 za jemn\u00e9 a\u00a0ne\u017en\u00e9 stvorenia, ktor\u00e9 opl\u00fdvali svojou o\u010daruj\u00facou kr\u00e1sou. Niekedy a\u017e pr\u00edli\u0161 rie\u0161ime svoj vzh\u013ead aj ke\u010f nem\u00e1me v\u00a0podstate d\u00f4vod. Asi ka\u017edej z\u00a0n\u00e1s sa na sebe nie\u010do nep\u00e1\u010di a\u00a0chcela by to zmeni\u0165. Pozer\u00e1me si r\u00f4zne vide\u00e1 ako sa l\u00ed\u010di\u0165, oblieka\u0165, \u010di dba\u0165 o\u00a0vy\u0161portovan\u00fa postavu.Ka\u017ed\u00e1 z\u00a0n\u00e1s v\u0161ak ob\u010das po\u013eav\u00ed a\u00a0nie sme schopn\u00e9 v\u0161etko zvl\u00e1da\u0165 bezchybne. Je to prirodzen\u00e9 a\u00a0\u00faplne v\u00a0poriadku. Hovor\u00ed sa, \u017ee vlasy s\u00fa korunou kr\u00e1sy a\u00a0pr\u00e1ve o\u00a0nich by sme sa mali najviac stara\u0165. V\u00e4\u010d\u0161ina z\u00a0n\u00e1s v\u0161ak men\u00ed farbu svojich prirodzen\u00fdch vlasov, \u010d\u00edm ich ni\u010d\u00edme. Ak si ich aj farb\u00edme mali by sme sa o\u00a0nich o\u00a0to viac stara\u0165 a\u00a0dba\u0165 na to aby boli zdrav\u00e9. Ja osobne preferujem pr\u00edrodn\u00fa kozmetiku, ktor\u00fa si bu\u010f vyrob\u00edm sama alebo si k\u00fapim napr\u00edklad olivov\u00fd olej alebo arg\u00e1nov\u00fd olej. Tieto oleje \u00faplne zbo\u017e\u0148ujem a\u00a0s\u00fa najlep\u0161ie pre vlasy, telo ale aj mihalnice \u010di obo\u010die.\u010ealej ve\u013ea \u017eien za\u010dalo preferova\u0165 umel\u00e9 g\u00e9lov\u00e9 nechty. Samozrejme, \u017ee sa t\u00fdm prirodzen\u00fd necht po\u0161kodzuje, no vyzer\u00e1 to ve\u013emi dobre. Tak\u00e9 jednoducho sme. Chceme vysk\u00fa\u0161a\u0165 v\u0161etko. Prirodzenos\u0165 je niekedy najkraj\u0161ia. Je n\u00e1m od pr\u00edrody dan\u00fd ist\u00fd vzh\u013ead a\u00a0tak to aj m\u00e1 by\u0165. Mnoho \u017eien pod\u013eahlo tlaku spolo\u010dnosti a\u00a0za\u010dali sa upravova\u0165 prostredn\u00edctvom estetickej medic\u00edny. M\u00e1m na to zmie\u0161an\u00fd n\u00e1zor.\u010c\u00edm \u010falej t\u00fdm viac s\u00fa \u017eeny \u00faplne rovnak\u00e9. Nafarben\u00e9 vlasy, nalepen\u00e9 mihalnice, umel\u00e9 nechty a\u00a0umel\u00e9 prsia. Dokonca aj oble\u010denie je pribli\u017ene podobn\u00e9. Toto chceme? Chceme by\u0165 ka\u017ed\u00e1 rovnak\u00e1? Mne sa to rozhodne nep\u00e1\u010di a\u00a0sna\u017e\u00edm sa by\u0165 v\u017edy jedine\u010dn\u00e1 a\u00a0sama sebou. Len tak m\u00f4\u017eeme by\u0165 kr\u00e1sne. Men\u0161ie z\u00e1sahy ako s\u00fa l\u00ed\u010denie ur\u010dite nevadia ale nemali by sme to preh\u00e1\u0148a\u0165. Potom by to mohlo dopadn\u00fa\u0165 ve\u013emi zle a\u00a0my sa u\u017e ani nespozn\u00e1me.                                                                                                                                                                                                                                                                                                                                                                                                "},{"@context":"https:\/\/schema.org\/","@type":"BreadcrumbList","itemListElement":[{"@type":"ListItem","position":1,"name":"\u017deny a kr\u00e1sa","item":"https:\/\/www.cascada.sk\/zeny-a-krasa\/#breadcrumbitem"}]}]