[{"@context":"https:\/\/schema.org\/","@type":"Article","@id":"https:\/\/www.cascada.sk\/krasna-manikura-dlhy-cas\/#Article","mainEntityOfPage":"https:\/\/www.cascada.sk\/krasna-manikura-dlhy-cas\/","headline":"Kr\u00e1sna manik\u00fara dlh\u00fd \u010das","name":"Kr\u00e1sna manik\u00fara dlh\u00fd \u010das","description":"Pre mnoh\u00fdch \u013eud\u00ed manik\u00fara nie je nie\u010do, na \u010do by sa mali orientova\u0165. Pre m\u0148a to v\u0161ak bolo naozaj ve\u013emi d\u00f4le\u017eit\u00e9 a chcela som, aby to vyzeralo tak dobre, \u017ee sa ma na ne bud\u00fa v\u0161etci p\u00fdta\u0165. Chcela som, aby boli na mojich ruk\u00e1ch ako \u0161perky, ktor\u00e9 sa bud\u00fa kr\u00e1sne ligota\u0165. Tak\u017ee mi bolo jasn\u00e9, [&hellip;]","datePublished":"2018-08-23","dateModified":"2023-04-28","author":{"@type":"Person","@id":"https:\/\/www.cascada.sk\/author\/#Person","name":"","url":"https:\/\/www.cascada.sk\/author\/","identifier":1,"image":{"@type":"ImageObject","@id":"https:\/\/secure.gravatar.com\/avatar\/1ea551d08e5aaea35ec0edab8371d7eaf798177f38aa8a77e65ff33bf2d8edc8?s=96&d=mm&r=g","url":"https:\/\/secure.gravatar.com\/avatar\/1ea551d08e5aaea35ec0edab8371d7eaf798177f38aa8a77e65ff33bf2d8edc8?s=96&d=mm&r=g","height":96,"width":96}},"publisher":{"@type":"Organization","name":"cascada.sk","logo":{"@type":"ImageObject","@id":"\/logo.png","url":"\/logo.png","width":600,"height":60}},"image":{"@type":"ImageObject","@id":"https:\/\/www.cascada.sk\/wp-content\/uploads\/img_a290259_w16537_t1534322530.jpg","url":"https:\/\/www.cascada.sk\/wp-content\/uploads\/img_a290259_w16537_t1534322530.jpg","height":0,"width":0},"url":"https:\/\/www.cascada.sk\/krasna-manikura-dlhy-cas\/","about":["Tovar"],"wordCount":407,"articleBody":"  Pre mnoh\u00fdch \u013eud\u00ed manik\u00fara nie je nie\u010do, na \u010do by sa mali orientova\u0165. Pre m\u0148a to v\u0161ak bolo naozaj ve\u013emi d\u00f4le\u017eit\u00e9 a chcela som, aby to vyzeralo tak dobre, \u017ee sa ma na ne bud\u00fa v\u0161etci p\u00fdta\u0165. Chcela som, aby boli na mojich ruk\u00e1ch ako \u0161perky, ktor\u00e9 sa bud\u00fa kr\u00e1sne ligota\u0165. Tak\u017ee mi bolo jasn\u00e9, \u017ee mus\u00edm urobi\u0165 nie\u010do aj preto, aby som dok\u00e1zala na v\u0161etkom okolo seba pracova\u0165. Vedela som, \u017ee to mo\u017eno nie je jednoduch\u00e9, ale fakt sa mi p\u00e1\u010dila extravagantn\u00e1 manik\u00fara, ktor\u00e1 bude naozaj \u017eiari\u0165, kam len p\u00f4jdem. Ako to v\u0161ak naozaj premyslie\u0165?Raz za \u010das sa mus\u00edte zamera\u0165 aj na svoj v\u00fdzor. Netvrd\u00edm, \u017ee v\u017edy. Ale tvrd\u00edm, \u017ee v\u00e4\u010d\u0161inou by ste mali urobi\u0165 v\u0161etko preto, aby sme sa c\u00edtili dobre a aby sme so sebou boli maxim\u00e1lne spokojn\u00e9. Sme predsa \u017eeny, tak\u017ee naozaj mus\u00edme urobi\u0165 v\u0161etko preto, aby to tak bolo. Tak\u017ee, \u010do si m\u00f4\u017eem e\u0161te premyslie\u0165? A \u010do vlastne chcem od svojej manik\u00fary? Mus\u00edm na to myslie\u0165 a mus\u00edm urobi\u0165 \u010doko\u013evek preto, aby to bolo \u00fa\u017easn\u00e9. V\u017edy, ke\u010f som sa na svoje ruky pozrela, muselo mi to bi\u0165 do o\u010d\u00ed, preto\u017ee ma to proste l\u00e1kalo. Naozaj som chcela ma\u0165 kr\u00e1sne ruky. Preto som sa rozhodla, \u017ee si d\u00e1m uv gel na nechty. Je to mo\u017eno nie\u010do, \u010do tu u\u017e bolo a na \u010do sa \u017eeny \u010dasto zameriavaj\u00fa, preto\u017ee je to popul\u00e1rne, ale m\u00e1 to aj in\u00e9 d\u00f4vody. Jedn\u00fdm z nich je napr\u00edklad aj to, \u017ee to vydr\u017e\u00ed ve\u013emi kr\u00e1sne a naozaj nieko\u013eko t\u00fd\u017ed\u0148ov. Ver\u00edm tomu, \u017ee ka\u017ed\u00e1 \u017eena m\u00f4\u017ee ma\u0165 prsty ako diamanty, ke\u010f si to premysl\u00ed. Mne sa v\u017edy p\u00e1\u010dili glitre a trblietky a v\u0161etko, \u010do sa ligoce. Jednoducho som u\u017e bola tak\u00e1. Paradoxom je, \u017ee som sa obliekala ve\u013emi jednoducho, ale naozaj som chcela, aby aspo\u0148 moje prsty \u017eiarili, preto\u017ee to bolo pre m\u0148a skuto\u010dne podstatn\u00e9. Verila som tomu, \u010do je okolo m\u0148a a pre\u010do je to pre m\u0148a podstatn\u00e9. A ak\u00fa chcete manik\u00faru vy? M\u00e1te to premyslen\u00e9 alebo nie? Mus\u00edte predsa vedie\u0165, \u010do naozaj chcete.                                                                                                                                                                                                                                                                                                                                                                                                 "},{"@context":"https:\/\/schema.org\/","@type":"BreadcrumbList","itemListElement":[{"@type":"ListItem","position":1,"name":"Kr\u00e1sna manik\u00fara dlh\u00fd \u010das","item":"https:\/\/www.cascada.sk\/krasna-manikura-dlhy-cas\/#breadcrumbitem"}]}]