[{"@context":"https:\/\/schema.org\/","@type":"Article","@id":"https:\/\/www.cascada.sk\/ekonomicka-kriza\/#Article","mainEntityOfPage":"https:\/\/www.cascada.sk\/ekonomicka-kriza\/","headline":"Ekonomick\u00e1 kr\u00edza","name":"Ekonomick\u00e1 kr\u00edza","description":"Ekonomick\u00e1 kr\u00edza je stav, kedy zamestn\u00e1vatelia nemaj\u00fa peniaze na vypl\u00e1canie miezd zamestnancov, objedn\u00e1vky sa im m\u00ed\u0148aj\u00fa, peniaze takisto a\u00a0nast\u00e1va ve\u013ek\u00e9 prep\u00fa\u0161\u0165anie zamestnancov z\u00a0d\u00f4vodu kr\u00edzy. Z\u00a0toho d\u00f4vodu, aby si udr\u017eali aspo\u0148 moment\u00e1lny stav na \u00fa\u010dtoch a\u00a0v\u00a0pe\u0148a\u017eenk\u00e1ch, preto\u017ee treba kr\u00edzu pre\u010dka\u0165 a\u00a0potom bude lep\u0161ie. Mnoh\u00ed z\u00a0n\u00e1s v\u00a0roku 2008 pri\u0161li kv\u00f4li kr\u00edze o\u00a0pr\u00e1cu. V\u0161etk\u00fdch sa n\u00e1s to dotklo, [&hellip;]","datePublished":"2017-10-28","dateModified":"2023-04-28","author":{"@type":"Person","@id":"https:\/\/www.cascada.sk\/author\/#Person","name":"","url":"https:\/\/www.cascada.sk\/author\/","identifier":1,"image":{"@type":"ImageObject","@id":"https:\/\/secure.gravatar.com\/avatar\/1ea551d08e5aaea35ec0edab8371d7eaf798177f38aa8a77e65ff33bf2d8edc8?s=96&d=mm&r=g","url":"https:\/\/secure.gravatar.com\/avatar\/1ea551d08e5aaea35ec0edab8371d7eaf798177f38aa8a77e65ff33bf2d8edc8?s=96&d=mm&r=g","height":96,"width":96}},"publisher":{"@type":"Organization","name":"cascada.sk","logo":{"@type":"ImageObject","@id":"\/logo.png","url":"\/logo.png","width":600,"height":60}},"image":{"@type":"ImageObject","@id":"https:\/\/www.cascada.sk\/wp-content\/uploads\/img_a284011_w16503_t1514468278.jpg","url":"https:\/\/www.cascada.sk\/wp-content\/uploads\/img_a284011_w16503_t1514468278.jpg","height":0,"width":0},"url":"https:\/\/www.cascada.sk\/ekonomicka-kriza\/","about":["Financie"],"wordCount":403,"articleBody":"Ekonomick\u00e1 kr\u00edza je stav, kedy zamestn\u00e1vatelia nemaj\u00fa peniaze na vypl\u00e1canie miezd zamestnancov, objedn\u00e1vky sa im m\u00ed\u0148aj\u00fa, peniaze takisto a\u00a0nast\u00e1va ve\u013ek\u00e9 prep\u00fa\u0161\u0165anie zamestnancov z\u00a0d\u00f4vodu kr\u00edzy. Z\u00a0toho d\u00f4vodu, aby si udr\u017eali aspo\u0148 moment\u00e1lny stav na \u00fa\u010dtoch a\u00a0v\u00a0pe\u0148a\u017eenk\u00e1ch, preto\u017ee treba kr\u00edzu pre\u010dka\u0165 a\u00a0potom bude lep\u0161ie. Mnoh\u00ed z\u00a0n\u00e1s v\u00a0roku 2008 pri\u0161li kv\u00f4li kr\u00edze o\u00a0pr\u00e1cu. V\u0161etk\u00fdch sa n\u00e1s to dotklo, \u010di u\u017e takto alebo inak.\u201e&#8230;\u010di niekomu n\u00e1hodou nepridala, zatia\u013e \u010do n\u00e1m v\u0161etk\u00fdm ubrala&#8230;\u201cJe to neskuto\u010dn\u00e9 ako dok\u00e1\u017ee jeden \u0161t\u00e1t alebo jedna n\u00e1rodn\u00e1 banka ovplyvni\u0165 cel\u00fd svet. Nikto nevie presne, \u010do sa skr\u00fdva za celosvetovou kr\u00edzou, preto\u017ee ost\u00e1va len h\u00e1dankou, \u010di n\u00e1hodou nebola umelo vyvolan\u00e1 alebo \u010di niekomu n\u00e1hodou nepridala, zatia\u013e \u010do n\u00e1m v\u0161etk\u00fdm ubrala. Odpovede na tieto ot\u00e1zky v\u00e1m neviem da\u0165, preto\u017ee sa nepohybujem v\u00a0sf\u00e9re alebo v\u00a0okol\u00ed tak\u00fdch \u013eud\u00ed, \u010do by to vedeli.\u201eIst\u00e1 nezamestnanos\u0165 je potrebn\u00e1 a\u00a0prirodzen\u00e1&#8230;\u201c\u013dudia na Slovensku a\u00a0nielen tu sa neust\u00e1le ob\u00e1vaj\u00fa, \u017ee nastane \u010fal\u0161ie ekonomick\u00e1 kr\u00edza. Je to ve\u013ek\u00e1 obava, preto\u017ee vtedy to zasiahlo nespo\u010detn\u00e9 mno\u017estvo rod\u00edn. Pod\u013ea odborn\u00fdch vyjadren\u00ed ekon\u00f3mov by sa kr\u00edza mala objavi\u0165 pr\u00e1ve teraz. Nezamestnanos\u0165 m\u00e1 tak\u00e9 \u010d\u00edsla, skoro najni\u017e\u0161ie \u010d\u00edsla v\u00a0hist\u00f3rii, \u017ee ni\u017e\u0161ie mala len pred kr\u00edzou. Preto sa n\u00e1m nas\u00faka ot\u00e1zka, \u010di to nebolo tak pl\u00e1novan\u00e1? Ist\u00e1 nezamestnanos\u0165 je potrebn\u00e1 a\u00a0prirodzen\u00e1&#8230;Ke\u010f je ekonomika pr\u00edli\u0161 na vrchole, mus\u00ed spadn\u00fa\u0165 dole, aby sa vedela znova odrazi\u0165 od dna a\u00a0pokra\u010dova\u0165 vo v\u00fdvoji s\u00a0e\u0161te lep\u0161\u00edmi v\u00fdsledkami. A\u00a0nielen pod\u013ea \u010d\u00edsel nezamestnanosti, ale aj pod\u013ea HDP a\u00a0HNP sa \u010d\u00edsla ve\u013emi pribli\u017euj\u00fa t\u00fdm \u010d\u00edslam, ktor\u00e9 boli u\u00a0n\u00e1s pred kr\u00edzou. Ale st\u00e1le to nemus\u00ed ni\u010d znamena\u0165 a\u00a0my budeme prosperova\u0165 na\u010falej. Ale vraj aj ekonomick\u00e1 kr\u00edza je potrebn\u00e1 pre v\u00fdvoj ekonomiky vo svete. Ke\u010f je ekonomika pr\u00edli\u0161 na vrchole, mus\u00ed spadn\u00fa\u0165 dole, aby sa vedela znova odrazi\u0165 od dna a\u00a0pokra\u010dova\u0165 vo v\u00fdvoji s\u00a0e\u0161te lep\u0161\u00edmi v\u00fdsledkami.\u00a0                                                                                                                                                                                                                                                                                                                                                                                                "},{"@context":"https:\/\/schema.org\/","@type":"BreadcrumbList","itemListElement":[{"@type":"ListItem","position":1,"name":"Ekonomick\u00e1 kr\u00edza","item":"https:\/\/www.cascada.sk\/ekonomicka-kriza\/#breadcrumbitem"}]}]